{"id":2464,"date":"2016-03-17T02:00:04","date_gmt":"2016-03-17T02:00:04","guid":{"rendered":"http:\/\/www.reyesbartlet.com\/?p=2464"},"modified":"2023-08-22T10:58:19","modified_gmt":"2023-08-22T09:58:19","slug":"2464-2","status":"publish","type":"post","link":"https:\/\/reyesbartlet.com\/?p=2464","title":{"rendered":"Presentaci\u00f3n del XIV Festival de M\u00fasica Antigua y Barroca"},"content":{"rendered":"<p>Este viernes 18 de marzo, a las 21.30h en la Iglesia de Nuestra Se\u00f1ora de la Pe\u00f1a de Francia, Via Crucis de F. Liszt a cargo de la Coral Reyes Bartlet, dirigida por Jos\u00e9 H\u00edjar Polo, con David Martel al piano, Alfonso L\u00f3pez Raymond, bar\u00edtono; y narraci\u00f3n de Eduardo Zalba. En este concierto se har\u00e1 la presentaci\u00f3n del XIV Festival de M\u00fasica Antigua y Barroca de Puerto de la Cruz. Ser\u00e1 al finalizar la procesi\u00f3n de Viernes de Dolores. La entrada ser\u00e1 gratuita.<\/p>\n<p>Una de las composiciones m\u00e1s atrevidas y originales de Liszt, el\u00a0<i>Via\u00a0Crucis<\/i> es quiz\u00e1s\u00a0lo m\u00e1s cerca que estuvo el compositor de crear una nueva clase de m\u00fasica sacra combinando un nuevo lenguaje arm\u00f3nico con la liturgia tradicional. Mientras que la obra presenta una atm\u00f3sfera contenida y un sentimiento devoto, la armon\u00eda\u00a0que subyace en la m\u00fasica es experimental, incluyendo\u00a0de manera prominente\u00a0la escala de tonos enteros. Y si Liszt usa corales conocidas\u00a0(Bach) y melod\u00edas de himnos, la impresi\u00f3n \u00a0que nos deja es de un lenguaje tonal no resuelto. Tres de los 15 n\u00fameros (una introducci\u00f3n m\u00e1s las 14 estaciones la la Cruz) emplean l\u00edneas crom\u00e1ticas y armon\u00edas deslizantes; y cuando esas armon\u00edas se resuelven, muchas veces son disminuidas o \u00fanicas. Otras estaciones usan acordes crom\u00e1ticos sucesivos y pueden acabar de manera abrupta en un solo tono.<\/p>\n","protected":false},"excerpt":{"rendered":"<p>Este viernes 18 de marzo, a las 21.30h en la Iglesia de Nuestra Se\u00f1ora de la Pe\u00f1a de Francia, Via Crucis de F. Liszt a cargo de la Coral Reyes Bartlet, dirigida por Jos\u00e9 H\u00edjar Polo, con David Martel al piano, Alfonso L\u00f3pez Raymond, bar\u00edtono; y narraci\u00f3n de Eduardo Zalba. En este concierto se har\u00e1 [&hellip;]<\/p>\n","protected":false},"author":9192192,"featured_media":2465,"comment_status":"closed","ping_status":"closed","sticky":false,"template":"","format":"standard","meta":{"footnotes":""},"categories":[4,8],"tags":[],"class_list":["post-2464","post","type-post","status-publish","format-standard","has-post-thumbnail","hentry","category-coral-reyes-bartlet","category-musica-antigua-y-barroca"],"_links":{"self":[{"href":"https:\/\/reyesbartlet.com\/index.php?rest_route=\/wp\/v2\/posts\/2464","targetHints":{"allow":["GET"]}}],"collection":[{"href":"https:\/\/reyesbartlet.com\/index.php?rest_route=\/wp\/v2\/posts"}],"about":[{"href":"https:\/\/reyesbartlet.com\/index.php?rest_route=\/wp\/v2\/types\/post"}],"author":[{"embeddable":true,"href":"https:\/\/reyesbartlet.com\/index.php?rest_route=\/wp\/v2\/users\/9192192"}],"replies":[{"embeddable":true,"href":"https:\/\/reyesbartlet.com\/index.php?rest_route=%2Fwp%2Fv2%2Fcomments&post=2464"}],"version-history":[{"count":7,"href":"https:\/\/reyesbartlet.com\/index.php?rest_route=\/wp\/v2\/posts\/2464\/revisions"}],"predecessor-version":[{"id":3508,"href":"https:\/\/reyesbartlet.com\/index.php?rest_route=\/wp\/v2\/posts\/2464\/revisions\/3508"}],"wp:featuredmedia":[{"embeddable":true,"href":"https:\/\/reyesbartlet.com\/index.php?rest_route=\/wp\/v2\/media\/2465"}],"wp:attachment":[{"href":"https:\/\/reyesbartlet.com\/index.php?rest_route=%2Fwp%2Fv2%2Fmedia&parent=2464"}],"wp:term":[{"taxonomy":"category","embeddable":true,"href":"https:\/\/reyesbartlet.com\/index.php?rest_route=%2Fwp%2Fv2%2Fcategories&post=2464"},{"taxonomy":"post_tag","embeddable":true,"href":"https:\/\/reyesbartlet.com\/index.php?rest_route=%2Fwp%2Fv2%2Ftags&post=2464"}],"curies":[{"name":"wp","href":"https:\/\/api.w.org\/{rel}","templated":true}]}}