{"id":2921,"date":"2021-03-24T12:54:00","date_gmt":"2021-03-24T12:54:00","guid":{"rendered":"https:\/\/www.reyesbartlet.com\/?p=2921"},"modified":"2023-08-18T12:32:17","modified_gmt":"2023-08-18T11:32:17","slug":"xix-edicion-del-festival-de-musica-antigua-y-barroca-2021","status":"publish","type":"post","link":"https:\/\/reyesbartlet.com\/?p=2921","title":{"rendered":"XIX EDICI\u00d3N DEL FESTIVAL DE M\u00daSICA ANTIGUA Y BARROCA: 2021"},"content":{"rendered":"\n<p>Con la participaci\u00f3n de: <\/p>\n\n\n\n<p>Tempus Cello Ensemble<\/p>\n\n\n\n<p>Ensemble Sul-Cordes<\/p>\n\n\n\n<p>Windu y Daniel Garay<\/p>\n\n\n\n<p>Cor Cererols<\/p>\n\n\n\n<p>Global Piano Studio<\/p>\n\n\n\n<p>Alumnos de Interpretaci\u00f3n Hist\u00f3rica de la M\u00fasica Antigua del Conservatorio Superior de M\u00fasica de Canarias <\/p>\n\n\n\n<p>Global Piano Studio<\/p>\n\n\n\n<p>Qvinta Essen\u00e7ia<\/p>\n\n\n\n<p>Sponte Sua<\/p>\n\n\n\n<p><\/p>\n\n\n\n<figure class=\"wp-block-gallery has-nested-images columns-default is-cropped wp-block-gallery-1 is-layout-flex wp-block-gallery-is-layout-flex\">\n<figure class=\"wp-block-image size-large\"><img loading=\"lazy\" decoding=\"async\" width=\"480\" height=\"600\" data-id=\"2922\" src=\"https:\/\/reyesbartlet.com\/wp-content\/uploads\/2023\/03\/image.png\" alt=\"\" class=\"wp-image-2922\" srcset=\"https:\/\/reyesbartlet.com\/wp-content\/uploads\/2023\/03\/image.png 480w, https:\/\/reyesbartlet.com\/wp-content\/uploads\/2023\/03\/image-120x150.png 120w, https:\/\/reyesbartlet.com\/wp-content\/uploads\/2023\/03\/image-240x300.png 240w\" sizes=\"(max-width: 480px) 100vw, 480px\" \/><\/figure>\n\n\n\n<figure class=\"wp-block-image size-large\"><img loading=\"lazy\" decoding=\"async\" width=\"480\" height=\"600\" data-id=\"2903\" src=\"https:\/\/reyesbartlet.com\/wp-content\/uploads\/2023\/03\/XIX-FMABPC-Cartel-2021-04-18-INSTAGRAM-3-480x600.jpg\" alt=\"\" class=\"wp-image-2903\"\/><\/figure>\n\n\n\n<figure class=\"wp-block-image size-large\"><img loading=\"lazy\" decoding=\"async\" width=\"428\" height=\"600\" data-id=\"2904\" src=\"https:\/\/reyesbartlet.com\/wp-content\/uploads\/2023\/03\/XIX-FMABPC-Cartel-2021-03-24-4-428x600.jpg\" alt=\"\" class=\"wp-image-2904\"\/><\/figure>\n\n\n\n<figure class=\"wp-block-image size-large\"><img loading=\"lazy\" decoding=\"async\" width=\"480\" height=\"600\" data-id=\"2902\" src=\"https:\/\/reyesbartlet.com\/wp-content\/uploads\/2023\/03\/XIX-FMABPC-Cartel-2021-04-17-INSTAGRAM-3-480x600.jpg\" alt=\"\" class=\"wp-image-2902\"\/><\/figure>\n\n\n\n<figure class=\"wp-block-image size-large\"><img loading=\"lazy\" decoding=\"async\" width=\"428\" height=\"600\" data-id=\"2901\" src=\"https:\/\/reyesbartlet.com\/wp-content\/uploads\/2023\/03\/WhatsApp-Image-2021-03-26-at-10.24.29-2-428x600.jpeg\" alt=\"\" class=\"wp-image-2901\"\/><\/figure>\n\n\n\n<figure class=\"wp-block-image size-large\"><img loading=\"lazy\" decoding=\"async\" width=\"480\" height=\"600\" data-id=\"2899\" src=\"https:\/\/reyesbartlet.com\/wp-content\/uploads\/2023\/03\/XIX-FMABPC-Cartel-2021-04-09-INSTAGRAM-3-480x600.jpg\" alt=\"\" class=\"wp-image-2899\"\/><\/figure>\n\n\n\n<figure class=\"wp-block-image size-large\"><img loading=\"lazy\" decoding=\"async\" width=\"480\" height=\"600\" data-id=\"2900\" src=\"https:\/\/reyesbartlet.com\/wp-content\/uploads\/2023\/03\/XIX-FMABPC-Cartel-2021-04-20-INSTAGRAM-3-480x600.jpg\" alt=\"\" class=\"wp-image-2900\"\/><\/figure>\n<\/figure>\n\n\n","protected":false},"excerpt":{"rendered":"<p>Con la participaci\u00f3n de: Tempus Cello Ensemble Ensemble Sul-Cordes Windu y Daniel Garay Cor Cererols Global Piano Studio Alumnos de Interpretaci\u00f3n Hist\u00f3rica de la M\u00fasica Antigua del Conservatorio Superior de M\u00fasica de Canarias Global Piano Studio Qvinta Essen\u00e7ia Sponte Sua<\/p>\n","protected":false},"author":3,"featured_media":2901,"comment_status":"closed","ping_status":"closed","sticky":false,"template":"","format":"standard","meta":{"footnotes":""},"categories":[8],"tags":[],"class_list":["post-2921","post","type-post","status-publish","format-standard","has-post-thumbnail","hentry","category-musica-antigua-y-barroca"],"_links":{"self":[{"href":"https:\/\/reyesbartlet.com\/index.php?rest_route=\/wp\/v2\/posts\/2921","targetHints":{"allow":["GET"]}}],"collection":[{"href":"https:\/\/reyesbartlet.com\/index.php?rest_route=\/wp\/v2\/posts"}],"about":[{"href":"https:\/\/reyesbartlet.com\/index.php?rest_route=\/wp\/v2\/types\/post"}],"author":[{"embeddable":true,"href":"https:\/\/reyesbartlet.com\/index.php?rest_route=\/wp\/v2\/users\/3"}],"replies":[{"embeddable":true,"href":"https:\/\/reyesbartlet.com\/index.php?rest_route=%2Fwp%2Fv2%2Fcomments&post=2921"}],"version-history":[{"count":1,"href":"https:\/\/reyesbartlet.com\/index.php?rest_route=\/wp\/v2\/posts\/2921\/revisions"}],"predecessor-version":[{"id":2923,"href":"https:\/\/reyesbartlet.com\/index.php?rest_route=\/wp\/v2\/posts\/2921\/revisions\/2923"}],"wp:featuredmedia":[{"embeddable":true,"href":"https:\/\/reyesbartlet.com\/index.php?rest_route=\/wp\/v2\/media\/2901"}],"wp:attachment":[{"href":"https:\/\/reyesbartlet.com\/index.php?rest_route=%2Fwp%2Fv2%2Fmedia&parent=2921"}],"wp:term":[{"taxonomy":"category","embeddable":true,"href":"https:\/\/reyesbartlet.com\/index.php?rest_route=%2Fwp%2Fv2%2Fcategories&post=2921"},{"taxonomy":"post_tag","embeddable":true,"href":"https:\/\/reyesbartlet.com\/index.php?rest_route=%2Fwp%2Fv2%2Ftags&post=2921"}],"curies":[{"name":"wp","href":"https:\/\/api.w.org\/{rel}","templated":true}]}}